{"id":5220,"date":"2021-03-25T17:36:56","date_gmt":"2021-03-25T14:36:56","guid":{"rendered":"http:\/\/uludagarch.com.tr\/?post_type=phort_post&#038;p=5220"},"modified":"2021-03-25T17:37:09","modified_gmt":"2021-03-25T14:37:09","slug":"orhan-uludag-odul-torenine-katildi","status":"publish","type":"phort_post","link":"https:\/\/umm.com.tr\/?phort_post=orhan-uludag-odul-torenine-katildi","title":{"rendered":"Orhan Uluda\u011f \u00d6d\u00fcl T\u00f6renine Kat\u0131ld\u0131"},"content":{"rendered":"\n<p>Ulusal \u00c7elik Yap\u0131 \u00d6d\u00fclleri kapsam\u0131nda Proje ve Yap\u0131 kategorilerinde \u00f6d\u00fcle lay\u0131k g\u00f6r\u00fclen Eski\u015fehir Y\u00fcksek H\u0131zl\u0131 Tren Gar\u0131 ve Mersin Spor Salonu projelerinin plaketleri T\u00fcrk Yap\u0131sal \u00c7elik Derne\u011fi(TUCSA) Y\u00f6netim Kurulu Ba\u015fkan\u0131 Yener G\u00dcR&#8217;E\u015e taraf\u0131ndan Orhan Uluda\u011f&#8217;a takdim edildi.<\/p>\n\n\n\n<figure class=\"wp-block-image\"><img src=\"https:\/\/i1.wp.com\/uludagarch.com.tr\/wp-content\/uploads\/2021\/03\/fb02.jpg?w=700\" alt=\"This image has an empty alt attribute; its file name is fb02.jpg\" data-recalc-dims=\"1\"\/><\/figure>\n\n\n\n<figure class=\"wp-block-image\"><img src=\"https:\/\/i1.wp.com\/uludagarch.com.tr\/wp-content\/uploads\/2021\/03\/fb03.jpg?w=700\" alt=\"This image has an empty alt attribute; its file name is fb03.jpg\" data-recalc-dims=\"1\"\/><\/figure>\n\n\n\n<figure class=\"wp-block-image\"><img src=\"https:\/\/i2.wp.com\/uludagarch.com.tr\/wp-content\/uploads\/2021\/03\/fb.jpg?w=700\" alt=\"This image has an empty alt attribute; its file name is fb.jpg\" data-recalc-dims=\"1\"\/><\/figure>\n","protected":false},"excerpt":{"rendered":"<p>Ulusal \u00c7elik Yap\u0131 \u00d6d\u00fclleri kapsam\u0131nda Proje ve Yap\u0131 kategorilerinde \u00f6d\u00fcle lay\u0131k g\u00f6r\u00fclen Eski\u015fehir Y\u00fcksek H\u0131zl\u0131 Tren Gar\u0131 ve Mersin Spor Salonu projelerinin plaketleri T\u00fcrk Yap\u0131sal \u00c7elik Derne\u011fi(TUCSA) Y\u00f6netim Kurulu Ba\u015fkan\u0131 Yener G\u00dcR&#8217;E\u015e taraf\u0131ndan Orhan Uluda\u011f&#8217;a takdim edildi.<\/p>\n","protected":false},"featured_media":5218,"template":"","meta":{"inline_featured_image":false,"spay_email":""},"_links":{"self":[{"href":"https:\/\/umm.com.tr\/index.php?rest_route=\/wp\/v2\/phort_post\/5220"}],"collection":[{"href":"https:\/\/umm.com.tr\/index.php?rest_route=\/wp\/v2\/phort_post"}],"about":[{"href":"https:\/\/umm.com.tr\/index.php?rest_route=\/wp\/v2\/types\/phort_post"}],"wp:featuredmedia":[{"embeddable":true,"href":"https:\/\/umm.com.tr\/index.php?rest_route=\/wp\/v2\/media\/5218"}],"wp:attachment":[{"href":"https:\/\/umm.com.tr\/index.php?rest_route=%2Fwp%2Fv2%2Fmedia&parent=5220"}],"curies":[{"name":"wp","href":"https:\/\/api.w.org\/{rel}","templated":true}]}}