{"id":5208,"date":"2021-03-25T17:29:53","date_gmt":"2021-03-25T14:29:53","guid":{"rendered":"http:\/\/uludagarch.com.tr\/?post_type=phort_post&#038;p=5208"},"modified":"2021-03-25T17:30:01","modified_gmt":"2021-03-25T14:30:01","slug":"alacaatli-carsi-ofis-insaati-devam-ediyor","status":"publish","type":"phort_post","link":"https:\/\/umm.com.tr\/?phort_post=alacaatli-carsi-ofis-insaati-devam-ediyor","title":{"rendered":"Alacaatl\u0131 \u00c7ar\u015f\u0131-Ofis \u0130n\u015faat\u0131 Devam Ediyor"},"content":{"rendered":"\n<p>Alacaatl\u0131 Caddesi \u00fczerinde tasarlanan Alacaatl\u0131 \u00c7ar\u015f\u0131-Ofis projemizin \u015fantiyesi devam ediyor.<\/p>\n","protected":false},"excerpt":{"rendered":"<p>Alacaatl\u0131 Caddesi \u00fczerinde tasarlanan Alacaatl\u0131 \u00c7ar\u015f\u0131-Ofis projemizin \u015fantiyesi devam ediyor.<\/p>\n","protected":false},"featured_media":2162,"template":"","meta":{"inline_featured_image":false,"spay_email":""},"_links":{"self":[{"href":"https:\/\/umm.com.tr\/index.php?rest_route=\/wp\/v2\/phort_post\/5208"}],"collection":[{"href":"https:\/\/umm.com.tr\/index.php?rest_route=\/wp\/v2\/phort_post"}],"about":[{"href":"https:\/\/umm.com.tr\/index.php?rest_route=\/wp\/v2\/types\/phort_post"}],"wp:featuredmedia":[{"embeddable":true,"href":"https:\/\/umm.com.tr\/index.php?rest_route=\/wp\/v2\/media\/2162"}],"wp:attachment":[{"href":"https:\/\/umm.com.tr\/index.php?rest_route=%2Fwp%2Fv2%2Fmedia&parent=5208"}],"curies":[{"name":"wp","href":"https:\/\/api.w.org\/{rel}","templated":true}]}}