{"id":5158,"date":"2021-03-25T16:46:27","date_gmt":"2021-03-25T13:46:27","guid":{"rendered":"http:\/\/uludagarch.com.tr\/?post_type=phort_post&#038;p=5158"},"modified":"2021-03-25T16:46:44","modified_gmt":"2021-03-25T13:46:44","slug":"baskan-koken-proje-sunumlari-icin-ofisimizde","status":"publish","type":"phort_post","link":"https:\/\/umm.com.tr\/?phort_post=baskan-koken-proje-sunumlari-icin-ofisimizde","title":{"rendered":"BA\u015eKAN K\u00d6KEN PROJE SUNUMLARI \u0130\u00c7\u0130N OF\u0130S\u0130M\u0130ZDE"},"content":{"rendered":"\n<figure class=\"wp-block-image\"><img src=\"https:\/\/i1.wp.com\/uludagarch.com.tr\/wp-content\/uploads\/2021\/03\/0001-1.jpg?w=700\" alt=\"This image has an empty alt attribute; its file name is 0001-1.jpg\" data-recalc-dims=\"1\"\/><\/figure>\n\n\n\n<p>Kand\u0131ra Belediye Ba\u015fkan\u0131 \u00dcnal K\u00f6ken, Kent Meydan\u0131 ve Kand\u0131ra Belediyesi Hizmet Binas\u0131 projelerimizin sunumu i\u00e7in Ankara Ofisimizdeydi.<\/p>\n\n\n\n<p>\u0130lgili haberden:<\/p>\n\n\n\n<p><em>\u201cKand\u0131ra\u2019n\u0131n geli\u015fmesinde ve yenilenmesinde b\u00fcy\u00fck at\u0131l\u0131mlar g\u00f6steren Ba\u015fkan K\u00f6ken, Kand\u0131ra\u2019n\u0131n g\u00f6r\u00fcn\u00fcm\u00fcne ayr\u0131 bir g\u00fczellik katacak olan projelerinin en k\u0131sa s\u00fcrede tamamlanmas\u0131 i\u00e7in \u00e7al\u0131\u015fmalar\u0131n\u0131 h\u0131zland\u0131r\u0131yor. Kent Meydan\u0131 ve Belediye Hizmet Binas\u0131 projeleri i\u00e7in Ankara\u2019ya giden Kand\u0131ra Belediye Ba\u015fkan\u0131 \u00dcnal K\u00f6ken, proje sunumunu izleyerek \u00e7al\u0131\u015fmalar\u0131n son durumunu de\u011ferlendirdi.<\/em><\/p>\n\n\n\n<p><em>Kand\u0131ra Kaz\u0131m Din\u00e7 Devlet Hastanesinin eski yerinde Kand\u0131ram\u0131za yak\u0131\u015f\u0131r bir il\u00e7e belediye binas\u0131 hem de il\u00e7e Kaymakaml\u0131\u011f\u0131m\u0131za yak\u0131\u015f\u0131r bir kaymakaml\u0131k binas\u0131 yap\u0131m\u0131 i\u00e7in \u00e7al\u0131\u015fmalara ba\u015flad\u0131k. Uzun y\u0131llard\u0131r Kand\u0131ra\u2019n\u0131n merkezinde olan eski hastane binas\u0131n\u0131 yeni bir proje ve bina ile de\u011fi\u015ftirmek bizlere nasip oldu diyen Ba\u015fkan \u00dcnal K\u00f6ken,&nbsp; projenin b\u00fcy\u00fck \u00f6nem ta\u015f\u0131d\u0131\u011f\u0131n\u0131 ve il\u00e7ede k\u00f6kl\u00fc de\u011fi\u015fimlerin s\u00fcrece\u011fini vurgulad\u0131.\u201d<\/em>http:\/\/www.kandira.bel.tr\/kandira-belediye-baskani-unal-koken-kent-meydani-ve-kandira-belediye-hizmet-binasi-projesinin-proje-sunumu-icin-ankarada\/https:\/\/www.kandira.bel.tr\/kandiraya-modern-ve-yeni-belediye-hizmet-binasi\/http:\/\/www.kandiraburada.com\/haber\/3342\/kandira-kent-meydani-projesine-hiz-verildi.htmlhttps:\/\/www.cagdaskocaeli.com.tr\/kandira-ya-kent-meydani-h79613.html<\/p>\n","protected":false},"excerpt":{"rendered":"<p>Kand\u0131ra Belediye Ba\u015fkan\u0131 \u00dcnal K\u00f6ken, Kent Meydan\u0131 ve Kand\u0131ra Belediyesi Hizmet Binas\u0131 projelerimizin sunumu i\u00e7in Ankara Ofisimizdeydi. \u0130lgili haberden: \u201cKand\u0131ra\u2019n\u0131n geli\u015fmesinde ve yenilenmesinde b\u00fcy\u00fck at\u0131l\u0131mlar g\u00f6steren Ba\u015fkan K\u00f6ken, Kand\u0131ra\u2019n\u0131n g\u00f6r\u00fcn\u00fcm\u00fcne ayr\u0131 bir g\u00fczellik katacak olan projelerinin en k\u0131sa s\u00fcrede tamamlanmas\u0131 i\u00e7in \u00e7al\u0131\u015fmalar\u0131n\u0131 h\u0131zland\u0131r\u0131yor. Kent Meydan\u0131 ve Belediye Hizmet Binas\u0131 projeleri i\u00e7in Ankara\u2019ya giden Kand\u0131ra Belediye &hellip; <a href=\"https:\/\/umm.com.tr\/?phort_post=baskan-koken-proje-sunumlari-icin-ofisimizde\" class=\"more-link\">Continue reading <span class=\"screen-reader-text\">BA\u015eKAN K\u00d6KEN PROJE SUNUMLARI \u0130\u00c7\u0130N OF\u0130S\u0130M\u0130ZDE<\/span> <span class=\"meta-nav\">&rarr;<\/span><\/a><\/p>\n","protected":false},"featured_media":5157,"template":"","meta":{"inline_featured_image":false,"spay_email":""},"_links":{"self":[{"href":"https:\/\/umm.com.tr\/index.php?rest_route=\/wp\/v2\/phort_post\/5158"}],"collection":[{"href":"https:\/\/umm.com.tr\/index.php?rest_route=\/wp\/v2\/phort_post"}],"about":[{"href":"https:\/\/umm.com.tr\/index.php?rest_route=\/wp\/v2\/types\/phort_post"}],"wp:featuredmedia":[{"embeddable":true,"href":"https:\/\/umm.com.tr\/index.php?rest_route=\/wp\/v2\/media\/5157"}],"wp:attachment":[{"href":"https:\/\/umm.com.tr\/index.php?rest_route=%2Fwp%2Fv2%2Fmedia&parent=5158"}],"curies":[{"name":"wp","href":"https:\/\/api.w.org\/{rel}","templated":true}]}}