{"id":5063,"date":"2021-03-25T14:19:18","date_gmt":"2021-03-25T11:19:18","guid":{"rendered":"http:\/\/uludagarch.com.tr\/?post_type=phort_post&#038;p=5063"},"modified":"2021-03-25T14:19:28","modified_gmt":"2021-03-25T11:19:28","slug":"odullu-eskisehir-yuksek-hizli-tren-istasyonu-projemiz-hakkinda-cevrimici-mimarlar-odasi-sunumu","status":"publish","type":"phort_post","link":"https:\/\/umm.com.tr\/?phort_post=odullu-eskisehir-yuksek-hizli-tren-istasyonu-projemiz-hakkinda-cevrimici-mimarlar-odasi-sunumu","title":{"rendered":"\u00d6D\u00dcLL\u00dc ESK\u0130\u015eEH\u0130R Y\u00dcKSEK HIZLI TREN \u0130STASYONU PROJEM\u0130Z HAKKINDA \u00c7EVR\u0130M\u0130\u00c7\u0130 M\u0130MARLAR ODASI SUNUMU"},"content":{"rendered":"\n<figure class=\"wp-block-embed is-type-video is-provider-youtube wp-block-embed-youtube wp-embed-aspect-16-9 wp-has-aspect-ratio\"><div class=\"wp-block-embed__wrapper\">\n<div class=\"jetpack-video-wrapper\"><iframe loading=\"lazy\" title=\"Eski\u015fehir Y\u00fcksek H\u0131zl\u0131 Tren \u0130stasyonu Projesi 14 Temmuz 2020\" width=\"700\" height=\"394\" src=\"https:\/\/www.youtube.com\/embed\/YHpgD_9mVzs?feature=oembed\" frameborder=\"0\" allow=\"accelerometer; autoplay; clipboard-write; encrypted-media; gyroscope; picture-in-picture\" allowfullscreen><\/iframe><\/div>\n<\/div><\/figure>\n\n\n\n<p><\/p>\n","protected":false},"excerpt":{"rendered":"","protected":false},"featured_media":4258,"template":"","meta":{"inline_featured_image":false,"spay_email":""},"_links":{"self":[{"href":"https:\/\/umm.com.tr\/index.php?rest_route=\/wp\/v2\/phort_post\/5063"}],"collection":[{"href":"https:\/\/umm.com.tr\/index.php?rest_route=\/wp\/v2\/phort_post"}],"about":[{"href":"https:\/\/umm.com.tr\/index.php?rest_route=\/wp\/v2\/types\/phort_post"}],"wp:featuredmedia":[{"embeddable":true,"href":"https:\/\/umm.com.tr\/index.php?rest_route=\/wp\/v2\/media\/4258"}],"wp:attachment":[{"href":"https:\/\/umm.com.tr\/index.php?rest_route=%2Fwp%2Fv2%2Fmedia&parent=5063"}],"curies":[{"name":"wp","href":"https:\/\/api.w.org\/{rel}","templated":true}]}}