{"id":5055,"date":"2021-03-25T14:12:34","date_gmt":"2021-03-25T11:12:34","guid":{"rendered":"http:\/\/uludagarch.com.tr\/?post_type=phort_post&#038;p=5055"},"modified":"2021-03-25T14:12:47","modified_gmt":"2021-03-25T11:12:47","slug":"berlin-mimarlar-odasi-bauhausun-100uncu-yili-sergisi","status":"publish","type":"phort_post","link":"https:\/\/umm.com.tr\/?phort_post=berlin-mimarlar-odasi-bauhausun-100uncu-yili-sergisi","title":{"rendered":"BERL\u0130N M\u0130MARLAR ODASI BAUHAUS&#8217;UN 100\u00dcNC\u00dc YILI SERG\u0130S\u0130"},"content":{"rendered":"\n<p>Bauhaus\u2019un 100. Y\u0131l\u0131 Etkinlikleri kapsam\u0131nda <strong>Berlin Mimarlar Odas\u0131<\/strong>\u00a0ve\u00a0<strong>TMMOB Mimarlar Odas\u0131<\/strong>\u00a0ortak proje se\u00e7kisine se\u00e7ilen Onev projemizin, Berlin\u2019de d\u00fczenlenen \u201cT\u00fcrkiye\u2019de \u00c7a\u011fda\u015f Konut Mimarl\u0131\u011f\u0131\u201d konulu sergisinin a\u00e7\u0131l\u0131\u015f\u0131na kat\u0131ld\u0131k<\/p>\n\n\n\n<figure class=\"wp-block-image\"><img src=\"https:\/\/i1.wp.com\/uludagarch.com.tr\/wp-content\/uploads\/2019\/12\/AS-586x1024.jpg?resize=586%2C1024\" alt=\"This image has an empty alt attribute; its file name is AS-586x1024.jpg\" data-recalc-dims=\"1\"\/><\/figure>\n\n\n\n<figure class=\"wp-block-image\"><img src=\"https:\/\/i2.wp.com\/uludagarch.com.tr\/wp-content\/uploads\/2019\/12\/01-25-1024x1024.jpg?resize=700%2C700\" alt=\"This image has an empty alt attribute; its file name is 01-25-1024x1024.jpg\" data-recalc-dims=\"1\"\/><\/figure>\n\n\n\n<figure class=\"wp-block-image\"><img src=\"https:\/\/i1.wp.com\/uludagarch.com.tr\/wp-content\/uploads\/2019\/12\/02-5-1024x534.jpg?resize=700%2C365\" alt=\"This image has an empty alt attribute; its file name is 02-5-1024x534.jpg\" data-recalc-dims=\"1\"\/><\/figure>\n","protected":false},"excerpt":{"rendered":"<p>Bauhaus\u2019un 100. Y\u0131l\u0131 Etkinlikleri kapsam\u0131nda Berlin Mimarlar Odas\u0131\u00a0ve\u00a0TMMOB Mimarlar Odas\u0131\u00a0ortak proje se\u00e7kisine se\u00e7ilen Onev projemizin, Berlin\u2019de d\u00fczenlenen \u201cT\u00fcrkiye\u2019de \u00c7a\u011fda\u015f Konut Mimarl\u0131\u011f\u0131\u201d konulu sergisinin a\u00e7\u0131l\u0131\u015f\u0131na kat\u0131ld\u0131k<\/p>\n","protected":false},"featured_media":2637,"template":"","meta":{"inline_featured_image":false,"spay_email":""},"_links":{"self":[{"href":"https:\/\/umm.com.tr\/index.php?rest_route=\/wp\/v2\/phort_post\/5055"}],"collection":[{"href":"https:\/\/umm.com.tr\/index.php?rest_route=\/wp\/v2\/phort_post"}],"about":[{"href":"https:\/\/umm.com.tr\/index.php?rest_route=\/wp\/v2\/types\/phort_post"}],"wp:featuredmedia":[{"embeddable":true,"href":"https:\/\/umm.com.tr\/index.php?rest_route=\/wp\/v2\/media\/2637"}],"wp:attachment":[{"href":"https:\/\/umm.com.tr\/index.php?rest_route=%2Fwp%2Fv2%2Fmedia&parent=5055"}],"curies":[{"name":"wp","href":"https:\/\/api.w.org\/{rel}","templated":true}]}}