{"id":4992,"date":"2021-03-25T13:12:05","date_gmt":"2021-03-25T10:12:05","guid":{"rendered":"http:\/\/uludagarch.com.tr\/?post_type=phort_post&#038;p=4992"},"modified":"2021-03-25T13:12:23","modified_gmt":"2021-03-25T10:12:23","slug":"prof-dr-zeynep-uludag-trt-ozel-gundem-programina-konuk-oldu","status":"publish","type":"phort_post","link":"https:\/\/umm.com.tr\/?phort_post=prof-dr-zeynep-uludag-trt-ozel-gundem-programina-konuk-oldu","title":{"rendered":"Prof. Dr. Zeynep Uluda\u011f TRT \u00d6zel G\u00fcndem Program\u0131na Konuk Oldu"},"content":{"rendered":"\n<figure class=\"wp-block-embed is-type-video is-provider-youtube wp-block-embed-youtube wp-embed-aspect-4-3 wp-has-aspect-ratio\"><div class=\"wp-block-embed__wrapper\">\nhttps:\/\/www.youtube.com\/watch?v=f2_sFgnW43E\n<\/div><\/figure>\n\n\n\n<p>Prof. Dr. Mimar Zeynep Uluda\u011f TRT \u00d6zel G\u00fcndem program\u0131nda Yavuz K\u0131l\u0131\u00e7&#8217;\u0131n konu\u011fu oldu ve ya\u015fanabilir kentler i\u00e7in geli\u015fen mimari konusu hakk\u0131nda konu\u015ftu.<\/p>\n","protected":false},"excerpt":{"rendered":"<p>Prof. Dr. Mimar Zeynep Uluda\u011f TRT \u00d6zel G\u00fcndem program\u0131nda Yavuz K\u0131l\u0131\u00e7&#8217;\u0131n konu\u011fu oldu ve ya\u015fanabilir kentler i\u00e7in geli\u015fen mimari konusu hakk\u0131nda konu\u015ftu.<\/p>\n","protected":false},"featured_media":4991,"template":"","meta":{"inline_featured_image":false,"spay_email":""},"_links":{"self":[{"href":"https:\/\/umm.com.tr\/index.php?rest_route=\/wp\/v2\/phort_post\/4992"}],"collection":[{"href":"https:\/\/umm.com.tr\/index.php?rest_route=\/wp\/v2\/phort_post"}],"about":[{"href":"https:\/\/umm.com.tr\/index.php?rest_route=\/wp\/v2\/types\/phort_post"}],"wp:featuredmedia":[{"embeddable":true,"href":"https:\/\/umm.com.tr\/index.php?rest_route=\/wp\/v2\/media\/4991"}],"wp:attachment":[{"href":"https:\/\/umm.com.tr\/index.php?rest_route=%2Fwp%2Fv2%2Fmedia&parent=4992"}],"curies":[{"name":"wp","href":"https:\/\/api.w.org\/{rel}","templated":true}]}}